{"id":578,"date":"2022-08-02T08:55:00","date_gmt":"2022-08-02T08:55:00","guid":{"rendered":"https:\/\/www.belvilla.fr\/blog\/?p=578"},"modified":"2023-08-28T21:24:09","modified_gmt":"2023-08-28T21:24:09","slug":"ferme-ecologique-hollande","status":"publish","type":"post","link":"https:\/\/www.belvilla.fr\/blog\/ferme-ecologique-hollande\/","title":{"rendered":"Une ferme \u00e9cologique en Hollande"},"content":{"rendered":"\n<p>\u00ab\u00a0Il y a deux semaines, il faisait quarante degr\u00e9s de plus en Antarctique, quarante degr\u00e9s de plus ! \u00c7a ne va pas du tout, et c&rsquo;est fortement sous-estim\u00e9\u00a0\u00bb.<br><br>D\u00e9couvrez l&rsquo;histoire d&rsquo;Arie, h\u00f4te depuis 2022. Avec sa femme Mari\u00eblle, il a achet\u00e9 une ferme datant de 1876, dans le nord de la Hollande. La maison \u00e9tait autrefois la r\u00e9sidence du ma\u00eetre de la digue qui participait \u00e0 l&rsquo;endiguement du Boekelermeer et elle \u00e9tait construite sur une structure en bois, un excellent mat\u00e9riau de construction bien meilleur que l&rsquo;acier. Arie a pris l&rsquo;initiative de rendre cette ferme \u00e9cologique. Auparavant, la maison \u00e9tait chauff\u00e9e par le b\u00e9tail au milieu de la ferme, puis par le charbon, le p\u00e9trole et le gaz. Aujourd&rsquo;hui, tout dans la maison fonctionne gr\u00e2ce \u00e0 l&rsquo;\u00e9lectricit\u00e9. Les 15 000 kWh n\u00e9cessaires \u00e0 son bon fonctionnement sont obtenus \u00e0 l&rsquo;aide de panneaux solaires. Le toit de chaume offrait d\u00e9j\u00e0 une bonne isolation, \u00e0 laquelle s&rsquo;ajoute un m\u00e8tre d&rsquo;isolation suppl\u00e9mentaire avec des plaques PIR. Les fen\u00eatres, quant \u00e0 elles, sont toutes en verre isolant HR++. Le chauffage est lui au bois et l&rsquo;\u00e9clairage est constitu\u00e9 exclusivement d&rsquo;ampoules LED \u00e0 basse consommation.<\/p>\n\n\n\n<figure class=\"wp-block-image size-full\"><img loading=\"lazy\" decoding=\"async\" width=\"1024\" height=\"683\" src=\"https:\/\/www.belvilla.fr\/blog\/wp-content\/uploads\/sites\/7\/2022\/08\/shutterstock_1694623672.jpg\" alt=\"Des panneaux solaires aux Pays Bas\" class=\"wp-image-581\" srcset=\"https:\/\/www.belvilla.fr\/blog\/wp-content\/uploads\/sites\/7\/2022\/08\/shutterstock_1694623672.jpg 1024w, https:\/\/www.belvilla.fr\/blog\/wp-content\/uploads\/sites\/7\/2022\/08\/shutterstock_1694623672-300x200.jpg 300w, https:\/\/www.belvilla.fr\/blog\/wp-content\/uploads\/sites\/7\/2022\/08\/shutterstock_1694623672-768x512.jpg 768w\" sizes=\"auto, (max-width: 1024px) 100vw, 1024px\" \/><figcaption>Des panneaux solaires aux Pays Bas<\/figcaption><\/figure>\n\n\n\n<p>Arie est professeur de biologie, de chimie et de sciences int\u00e9gr\u00e9es \u00e0 l&rsquo;\u00c9cole Europ\u00e9enne de Bergen, o\u00f9 sont scolaris\u00e9s des \u00e9l\u00e8ves de 51 nationalit\u00e9s diff\u00e9rentes. Il a lui-m\u00eame deux filles encore adolescentes. \u00ab\u00a0Les jeunes d&rsquo;aujourd&rsquo;hui voient tr\u00e8s bien ce qui se passe avec le r\u00e9chauffement climatique et sont souvent d\u00e9\u00e7us par notre g\u00e9n\u00e9ration actuelle, qui ne fait rien ou pas grand-chose \u00e0 ce sujet. Cela les rend parfois d\u00e9sabus\u00e9s\u00a0\u00bb, explique Arie.<br><br>La famille utilise la ferme pour y vivre pendant les mois d&rsquo;hiver et la loue par le biais de Belvilla pendant l&rsquo;\u00e9t\u00e9. Comme la ferme peut accueillir jusqu&rsquo;\u00e0 20 personnes, elle est tr\u00e8s appr\u00e9ci\u00e9e des grandes familles et des groupes d&rsquo;amis. De plus, l&rsquo;immense jardin offre beaucoup d&rsquo;espace pour profiter de l&rsquo;ext\u00e9rieur. Bien qu&rsquo;il s&rsquo;agisse d&rsquo;une \u00ab\u00a0ancienne\u00a0\u00bb ferme, l&rsquo;int\u00e9rieur est tr\u00e8s spacieux et moderne, et un bon nombre d&rsquo;\u00e9l\u00e9ments d&rsquo;\u00e9poque ont \u00e9t\u00e9 conserv\u00e9s. Gr\u00e2ce \u00e0 sa grande superficie, vous pourrez m\u00eame transformer le salon en piste de danse pour une soir\u00e9e festive !<\/p>\n\n\n\n<figure class=\"wp-block-image size-full\"><img loading=\"lazy\" decoding=\"async\" width=\"1024\" height=\"683\" src=\"https:\/\/www.belvilla.fr\/blog\/wp-content\/uploads\/sites\/7\/2022\/08\/shutterstock_290125826.jpg\" alt=\"Une table de festivit\u00e9\" class=\"wp-image-582\" srcset=\"https:\/\/www.belvilla.fr\/blog\/wp-content\/uploads\/sites\/7\/2022\/08\/shutterstock_290125826.jpg 1024w, https:\/\/www.belvilla.fr\/blog\/wp-content\/uploads\/sites\/7\/2022\/08\/shutterstock_290125826-300x200.jpg 300w, https:\/\/www.belvilla.fr\/blog\/wp-content\/uploads\/sites\/7\/2022\/08\/shutterstock_290125826-768x512.jpg 768w\" sizes=\"auto, (max-width: 1024px) 100vw, 1024px\" \/><figcaption>Une table de festivit\u00e9<\/figcaption><\/figure>\n\n\n\n<p>La ferme est totalement respectueuse de l&rsquo;environnement, gr\u00e2ce aux panneaux solaires qui produisent la totalit\u00e9 de l&rsquo;\u00e9lectricit\u00e9 n\u00e9cessaire au bon fonctionnement de la maison. Arie pr\u00e9cise : \u00ab\u00a0Le chauffage central est au bois, celui de notre propre cour o\u00f9 nous plantons \u00e9galement de nouveaux arbres. Le chauffage de l&rsquo;eau est assur\u00e9 par des d\u00e9phaseurs. Il s&rsquo;agit d&rsquo;un bloc de sel de dix kilos qui passe de l&rsquo;\u00e9tat liquide \u00e0 l&rsquo;\u00e9tat solide lorsqu&rsquo;il y a une demande d&rsquo;eau chaude. Cela se fait en arr\u00eatant les ions qui se d\u00e9placent gr\u00e2ce \u00e0 un signal \u00e9lectrique. Tout ce processus donne suffisamment d&rsquo;\u00e9nergie pour porter 280 litres d&rsquo;eau \u00e0 une temp\u00e9rature de 70 degr\u00e9s. Il suffit de le brancher. C\u2019est un concept simple mais efficace et il ne n\u00e9cessite absolument aucun entretien.\u00a0\u00bb<br><br>Parmi les conseils donn\u00e9s aux autres propri\u00e9taires pour rendre leur maison de vacances plus respectueuse de l&rsquo;environnement, il faut toujours commencer par l&rsquo;am\u00e9lioration de l&rsquo;isolation et l&rsquo;installation de panneaux solaires. Il y a rarement assez d&rsquo;\u00e9lectricit\u00e9 produite par les panneaux solaires pour alimenter l&rsquo;ensemble des appareils \u00e9lectriques de la maison de vacances. L&rsquo;isolation permet de garder la chaleur \u00e0 l&rsquo;int\u00e9rieur et le froid \u00e0 l&rsquo;ext\u00e9rieur. Une cuisini\u00e8re \u00e0 induction est aussi utilis\u00e9e, ce qui est \u00e9galement tr\u00e8s respectueux de l&rsquo;environnement. C&rsquo;est une invention fantastique qui permet de cuisiner gr\u00e2ce \u00e0 un \u00e9lectro-aimant. S&rsquo;il fait trop chaud dans la ferme pendant l&rsquo;\u00e9t\u00e9, la maison est construite de telle sorte qu&rsquo;il suffit d&rsquo;ouvrir quelques fen\u00eatres dans le grenier et au rez-de-chauss\u00e9e pour rafra\u00eechir rapidement la maison. Cet effet de soufflerie \u00e9tait autrefois utilis\u00e9 pour s\u00e9cher plus rapidement le foin.<br><br>En tant que client, il est \u00e9galement important de se comporter de mani\u00e8re plus responsable. La maison de vacances est \u00e9cologique, mais la personne qui y s\u00e9journe doit aussi agir de mani\u00e8re \u00e9coresponsable pendant son s\u00e9jour. Les d\u00e9chets doivent \u00eatre tri\u00e9s car il est tr\u00e8s important de ne pas tous les m\u00e9langer. Il faut \u00e9galement accepter que la temp\u00e9rature ambiante ne soit pas de 21 degr\u00e9s en permanence, ce qui constitue un effort n\u00e9cessaire vers un avenir plus durable.<\/p>\n\n\n\n<figure class=\"wp-block-image size-full\"><img loading=\"lazy\" decoding=\"async\" width=\"1024\" height=\"683\" src=\"https:\/\/www.belvilla.fr\/blog\/wp-content\/uploads\/sites\/7\/2022\/08\/shutterstock_629416373.jpg\" alt=\"V\u00e9lo et moulin \u00e0 vent aux Pays Bas\" class=\"wp-image-583\" srcset=\"https:\/\/www.belvilla.fr\/blog\/wp-content\/uploads\/sites\/7\/2022\/08\/shutterstock_629416373.jpg 1024w, https:\/\/www.belvilla.fr\/blog\/wp-content\/uploads\/sites\/7\/2022\/08\/shutterstock_629416373-300x200.jpg 300w, https:\/\/www.belvilla.fr\/blog\/wp-content\/uploads\/sites\/7\/2022\/08\/shutterstock_629416373-768x512.jpg 768w\" sizes=\"auto, (max-width: 1024px) 100vw, 1024px\" \/><figcaption>V\u00e9lo et moulin \u00e0 vent aux Pays Bas<\/figcaption><\/figure>\n\n\n\n<p>\u00ab\u00a0Quand j&rsquo;\u00e9tais \u00e9tudiant, on parlait de tourisme durable, mais si vous le faites de cette mani\u00e8re, avec une empreinte carbone de z\u00e9ro, alors on se rapproche du tourisme r\u00e9ellement durable.\u00a0\u00bb<br><br>De nombreuses personnes qui s\u00e9journent dans cette ferme font du tourisme. Les environs de la Hollande du Nord peuvent facilement \u00eatre explor\u00e9s \u00e0 v\u00e9lo. Vous \u00eates ici \u00e0 proximit\u00e9 de la plage de la mer du Nord et de l&rsquo;autre c\u00f4t\u00e9, vous trouverez le lac Markermeer. Les N\u00e9erlandais ont l&rsquo;habitude d&rsquo;utiliser les nombreuses pistes et itin\u00e9raires cyclables, et les visiteurs \u00e9trangers les appr\u00e9cient \u00e9galement beaucoup. Il est facile de se rendre \u00e0 la plage \u00e0 v\u00e9lo ou de traverser les dunes naturelles et la ville d&rsquo;Alkmaar, situ\u00e9e \u00e0 proximit\u00e9, avec son c\u00e9l\u00e8bre march\u00e9 aux fromages. Au printemps, les champs de fleurs de cette r\u00e9gion sont magnifiques et \u00e0 ne manquer sous aucun pr\u00e9texte.<br><br>La maison est \u00e9quip\u00e9e du Wi-Fi \u00e0 haut d\u00e9bit puisque la fibre optique est maintenant disponible dans la r\u00e9gion de la Hollande du Nord. C&rsquo;est un crit\u00e8re tr\u00e8s important car de nos jours, tous les touristes voyagent avec leurs t\u00e9l\u00e9phones, ordinateurs et tablettes lorsqu&rsquo;ils partent en vacances, et ont donc besoin d&rsquo;un acc\u00e8s \u00e0 internet. La propri\u00e9taire collectionne et vend toutes sortes de vaisselle, et vous pourrez en d\u00e9couvrir une partie au sein m\u00eame de la maison ! Mari\u00eblle est une sp\u00e9cialiste, puisque sa m\u00e8re poss\u00e8de une boutique de vaisselles \u00e0 Alkmaar.<\/p>\n","protected":false},"excerpt":{"rendered":"<p>La ferme d&rsquo;Arie et Mari\u00eblle est un bel exemple sur la fa\u00e7on de rendre votre maison beaucoup plus respectueuse de l&rsquo;environnement. De l&rsquo;installation de panneaux solaires \u00e0 l&rsquo;isolation, d\u00e9couvrez comment vous pouvez vous aussi rendre votre logement plus \u00e9cologique !<\/p>\n","protected":false},"author":6,"featured_media":580,"comment_status":"open","ping_status":"open","sticky":false,"template":"","format":"standard","meta":{"footnotes":""},"categories":[19],"tags":[36],"location":[],"class_list":["post-578","post","type-post","status-publish","format-standard","has-post-thumbnail","hentry","category-discovery","tag-histoire-de-proprietaire"],"acf":[],"yoast_head":"<!-- This site is optimized with the Yoast SEO plugin v27.5 - https:\/\/yoast.com\/product\/yoast-seo-wordpress\/ -->\n<title>Rendre son logement \u00e9cologique : l&#039;exemple d&#039;une ferme en Hollande | Belvilla<\/title>\n<meta name=\"description\" content=\"D\u00e9couvrez le parcours d&#039;une famille hollandaise pour rendre sa maison plus \u00e9cologique en utilisant des m\u00e9thodes durables comme les panneaux solaires et le chauffage au bois.\" \/>\n<meta name=\"robots\" content=\"index, follow, max-snippet:-1, max-image-preview:large, max-video-preview:-1\" \/>\n<link rel=\"canonical\" href=\"https:\/\/www.belvilla.fr\/blog\/ferme-ecologique-hollande\/\" \/>\n<meta property=\"og:locale\" content=\"fr_FR\" \/>\n<meta property=\"og:type\" content=\"article\" \/>\n<meta property=\"og:title\" content=\"Rendre son logement \u00e9cologique : l&#039;exemple d&#039;une ferme en Hollande | Belvilla\" \/>\n<meta property=\"og:description\" content=\"D\u00e9couvrez le parcours d&#039;une famille hollandaise pour rendre sa maison plus \u00e9cologique en utilisant des m\u00e9thodes durables comme les panneaux solaires et le chauffage au bois.\" \/>\n<meta property=\"og:url\" content=\"https:\/\/www.belvilla.fr\/blog\/ferme-ecologique-hollande\/\" \/>\n<meta property=\"og:site_name\" content=\"Belvilla Blog FR\" \/>\n<meta property=\"article:published_time\" content=\"2022-08-02T08:55:00+00:00\" \/>\n<meta property=\"article:modified_time\" content=\"2023-08-28T21:24:09+00:00\" \/>\n<meta property=\"og:image\" content=\"https:\/\/www.belvilla.fr\/blog\/wp-content\/uploads\/sites\/7\/2022\/08\/shutterstock_2060708795.jpg\" \/>\n\t<meta property=\"og:image:width\" content=\"1024\" \/>\n\t<meta property=\"og:image:height\" content=\"683\" \/>\n\t<meta property=\"og:image:type\" content=\"image\/jpeg\" \/>\n<meta name=\"twitter:card\" content=\"summary_large_image\" \/>\n<meta name=\"twitter:label1\" content=\"\u00c9crit par\" \/>\n\t<meta name=\"twitter:data1\" content=\"\" \/>\n\t<meta name=\"twitter:label2\" content=\"Dur\u00e9e de lecture estim\u00e9e\" \/>\n\t<meta name=\"twitter:data2\" content=\"6 minutes\" \/>\n<script type=\"application\/ld+json\" class=\"yoast-schema-graph\">{\"@context\":\"https:\\\/\\\/schema.org\",\"@graph\":[{\"@type\":\"Article\",\"@id\":\"https:\\\/\\\/www.belvilla.fr\\\/blog\\\/ferme-ecologique-hollande\\\/#article\",\"isPartOf\":{\"@id\":\"https:\\\/\\\/www.belvilla.fr\\\/blog\\\/ferme-ecologique-hollande\\\/\"},\"author\":{\"name\":\"\",\"@id\":\"\"},\"headline\":\"Une ferme \u00e9cologique en Hollande\",\"datePublished\":\"2022-08-02T08:55:00+00:00\",\"dateModified\":\"2023-08-28T21:24:09+00:00\",\"mainEntityOfPage\":{\"@id\":\"https:\\\/\\\/www.belvilla.fr\\\/blog\\\/ferme-ecologique-hollande\\\/\"},\"wordCount\":1088,\"commentCount\":0,\"image\":{\"@id\":\"https:\\\/\\\/www.belvilla.fr\\\/blog\\\/ferme-ecologique-hollande\\\/#primaryimage\"},\"thumbnailUrl\":\"https:\\\/\\\/www.belvilla.fr\\\/blog\\\/wp-content\\\/uploads\\\/sites\\\/7\\\/2022\\\/08\\\/shutterstock_2060708795.jpg\",\"keywords\":[\"Histoire de propri\u00e9taire\"],\"articleSection\":[\"Discovery\"],\"inLanguage\":\"fr-FR\",\"potentialAction\":[{\"@type\":\"CommentAction\",\"name\":\"Comment\",\"target\":[\"https:\\\/\\\/www.belvilla.fr\\\/blog\\\/ferme-ecologique-hollande\\\/#respond\"]}]},{\"@type\":\"WebPage\",\"@id\":\"https:\\\/\\\/www.belvilla.fr\\\/blog\\\/ferme-ecologique-hollande\\\/\",\"url\":\"https:\\\/\\\/www.belvilla.fr\\\/blog\\\/ferme-ecologique-hollande\\\/\",\"name\":\"Rendre son logement \u00e9cologique : l'exemple d'une ferme en Hollande | Belvilla\",\"isPartOf\":{\"@id\":\"https:\\\/\\\/www.belvilla.fr\\\/blog\\\/#website\"},\"primaryImageOfPage\":{\"@id\":\"https:\\\/\\\/www.belvilla.fr\\\/blog\\\/ferme-ecologique-hollande\\\/#primaryimage\"},\"image\":{\"@id\":\"https:\\\/\\\/www.belvilla.fr\\\/blog\\\/ferme-ecologique-hollande\\\/#primaryimage\"},\"thumbnailUrl\":\"https:\\\/\\\/www.belvilla.fr\\\/blog\\\/wp-content\\\/uploads\\\/sites\\\/7\\\/2022\\\/08\\\/shutterstock_2060708795.jpg\",\"datePublished\":\"2022-08-02T08:55:00+00:00\",\"dateModified\":\"2023-08-28T21:24:09+00:00\",\"author\":{\"@id\":\"\"},\"description\":\"D\u00e9couvrez le parcours d'une famille hollandaise pour rendre sa maison plus \u00e9cologique en utilisant des m\u00e9thodes durables comme les panneaux solaires et le chauffage au bois.\",\"breadcrumb\":{\"@id\":\"https:\\\/\\\/www.belvilla.fr\\\/blog\\\/ferme-ecologique-hollande\\\/#breadcrumb\"},\"inLanguage\":\"fr-FR\",\"potentialAction\":[{\"@type\":\"ReadAction\",\"target\":[\"https:\\\/\\\/www.belvilla.fr\\\/blog\\\/ferme-ecologique-hollande\\\/\"]}]},{\"@type\":\"ImageObject\",\"inLanguage\":\"fr-FR\",\"@id\":\"https:\\\/\\\/www.belvilla.fr\\\/blog\\\/ferme-ecologique-hollande\\\/#primaryimage\",\"url\":\"https:\\\/\\\/www.belvilla.fr\\\/blog\\\/wp-content\\\/uploads\\\/sites\\\/7\\\/2022\\\/08\\\/shutterstock_2060708795.jpg\",\"contentUrl\":\"https:\\\/\\\/www.belvilla.fr\\\/blog\\\/wp-content\\\/uploads\\\/sites\\\/7\\\/2022\\\/08\\\/shutterstock_2060708795.jpg\",\"width\":1024,\"height\":683,\"caption\":\"Une ferme en Hollande\"},{\"@type\":\"BreadcrumbList\",\"@id\":\"https:\\\/\\\/www.belvilla.fr\\\/blog\\\/ferme-ecologique-hollande\\\/#breadcrumb\",\"itemListElement\":[{\"@type\":\"ListItem\",\"position\":1,\"name\":\"Home\",\"item\":\"https:\\\/\\\/www.belvilla.fr\\\/blog\\\/\"},{\"@type\":\"ListItem\",\"position\":2,\"name\":\"Une ferme \u00e9cologique en Hollande\"}]},{\"@type\":\"WebSite\",\"@id\":\"https:\\\/\\\/www.belvilla.fr\\\/blog\\\/#website\",\"url\":\"https:\\\/\\\/www.belvilla.fr\\\/blog\\\/\",\"name\":\"Belvilla Blog FR\",\"description\":\"\",\"potentialAction\":[{\"@type\":\"SearchAction\",\"target\":{\"@type\":\"EntryPoint\",\"urlTemplate\":\"https:\\\/\\\/www.belvilla.fr\\\/blog\\\/?s={search_term_string}\"},\"query-input\":{\"@type\":\"PropertyValueSpecification\",\"valueRequired\":true,\"valueName\":\"search_term_string\"}}],\"inLanguage\":\"fr-FR\"},{\"@type\":\"Person\",\"@id\":\"\"}]}<\/script>\n<!-- \/ Yoast SEO plugin. -->","yoast_head_json":{"title":"Rendre son logement \u00e9cologique : l'exemple d'une ferme en Hollande | Belvilla","description":"D\u00e9couvrez le parcours d'une famille hollandaise pour rendre sa maison plus \u00e9cologique en utilisant des m\u00e9thodes durables comme les panneaux solaires et le chauffage au bois.","robots":{"index":"index","follow":"follow","max-snippet":"max-snippet:-1","max-image-preview":"max-image-preview:large","max-video-preview":"max-video-preview:-1"},"canonical":"https:\/\/www.belvilla.fr\/blog\/ferme-ecologique-hollande\/","og_locale":"fr_FR","og_type":"article","og_title":"Rendre son logement \u00e9cologique : l'exemple d'une ferme en Hollande | Belvilla","og_description":"D\u00e9couvrez le parcours d'une famille hollandaise pour rendre sa maison plus \u00e9cologique en utilisant des m\u00e9thodes durables comme les panneaux solaires et le chauffage au bois.","og_url":"https:\/\/www.belvilla.fr\/blog\/ferme-ecologique-hollande\/","og_site_name":"Belvilla Blog FR","article_published_time":"2022-08-02T08:55:00+00:00","article_modified_time":"2023-08-28T21:24:09+00:00","og_image":[{"width":1024,"height":683,"url":"https:\/\/www.belvilla.fr\/blog\/wp-content\/uploads\/sites\/7\/2022\/08\/shutterstock_2060708795.jpg","type":"image\/jpeg"}],"twitter_card":"summary_large_image","twitter_misc":{"\u00c9crit par":"","Dur\u00e9e de lecture estim\u00e9e":"6 minutes"},"schema":{"@context":"https:\/\/schema.org","@graph":[{"@type":"Article","@id":"https:\/\/www.belvilla.fr\/blog\/ferme-ecologique-hollande\/#article","isPartOf":{"@id":"https:\/\/www.belvilla.fr\/blog\/ferme-ecologique-hollande\/"},"author":{"name":"","@id":""},"headline":"Une ferme \u00e9cologique en Hollande","datePublished":"2022-08-02T08:55:00+00:00","dateModified":"2023-08-28T21:24:09+00:00","mainEntityOfPage":{"@id":"https:\/\/www.belvilla.fr\/blog\/ferme-ecologique-hollande\/"},"wordCount":1088,"commentCount":0,"image":{"@id":"https:\/\/www.belvilla.fr\/blog\/ferme-ecologique-hollande\/#primaryimage"},"thumbnailUrl":"https:\/\/www.belvilla.fr\/blog\/wp-content\/uploads\/sites\/7\/2022\/08\/shutterstock_2060708795.jpg","keywords":["Histoire de propri\u00e9taire"],"articleSection":["Discovery"],"inLanguage":"fr-FR","potentialAction":[{"@type":"CommentAction","name":"Comment","target":["https:\/\/www.belvilla.fr\/blog\/ferme-ecologique-hollande\/#respond"]}]},{"@type":"WebPage","@id":"https:\/\/www.belvilla.fr\/blog\/ferme-ecologique-hollande\/","url":"https:\/\/www.belvilla.fr\/blog\/ferme-ecologique-hollande\/","name":"Rendre son logement \u00e9cologique : l'exemple d'une ferme en Hollande | Belvilla","isPartOf":{"@id":"https:\/\/www.belvilla.fr\/blog\/#website"},"primaryImageOfPage":{"@id":"https:\/\/www.belvilla.fr\/blog\/ferme-ecologique-hollande\/#primaryimage"},"image":{"@id":"https:\/\/www.belvilla.fr\/blog\/ferme-ecologique-hollande\/#primaryimage"},"thumbnailUrl":"https:\/\/www.belvilla.fr\/blog\/wp-content\/uploads\/sites\/7\/2022\/08\/shutterstock_2060708795.jpg","datePublished":"2022-08-02T08:55:00+00:00","dateModified":"2023-08-28T21:24:09+00:00","author":{"@id":""},"description":"D\u00e9couvrez le parcours d'une famille hollandaise pour rendre sa maison plus \u00e9cologique en utilisant des m\u00e9thodes durables comme les panneaux solaires et le chauffage au bois.","breadcrumb":{"@id":"https:\/\/www.belvilla.fr\/blog\/ferme-ecologique-hollande\/#breadcrumb"},"inLanguage":"fr-FR","potentialAction":[{"@type":"ReadAction","target":["https:\/\/www.belvilla.fr\/blog\/ferme-ecologique-hollande\/"]}]},{"@type":"ImageObject","inLanguage":"fr-FR","@id":"https:\/\/www.belvilla.fr\/blog\/ferme-ecologique-hollande\/#primaryimage","url":"https:\/\/www.belvilla.fr\/blog\/wp-content\/uploads\/sites\/7\/2022\/08\/shutterstock_2060708795.jpg","contentUrl":"https:\/\/www.belvilla.fr\/blog\/wp-content\/uploads\/sites\/7\/2022\/08\/shutterstock_2060708795.jpg","width":1024,"height":683,"caption":"Une ferme en Hollande"},{"@type":"BreadcrumbList","@id":"https:\/\/www.belvilla.fr\/blog\/ferme-ecologique-hollande\/#breadcrumb","itemListElement":[{"@type":"ListItem","position":1,"name":"Home","item":"https:\/\/www.belvilla.fr\/blog\/"},{"@type":"ListItem","position":2,"name":"Une ferme \u00e9cologique en Hollande"}]},{"@type":"WebSite","@id":"https:\/\/www.belvilla.fr\/blog\/#website","url":"https:\/\/www.belvilla.fr\/blog\/","name":"Belvilla Blog FR","description":"","potentialAction":[{"@type":"SearchAction","target":{"@type":"EntryPoint","urlTemplate":"https:\/\/www.belvilla.fr\/blog\/?s={search_term_string}"},"query-input":{"@type":"PropertyValueSpecification","valueRequired":true,"valueName":"search_term_string"}}],"inLanguage":"fr-FR"},{"@type":"Person","@id":""}]}},"_links":{"self":[{"href":"https:\/\/www.belvilla.fr\/blog\/wp-json\/wp\/v2\/posts\/578","targetHints":{"allow":["GET"]}}],"collection":[{"href":"https:\/\/www.belvilla.fr\/blog\/wp-json\/wp\/v2\/posts"}],"about":[{"href":"https:\/\/www.belvilla.fr\/blog\/wp-json\/wp\/v2\/types\/post"}],"author":[{"embeddable":true,"href":"https:\/\/www.belvilla.fr\/blog\/wp-json\/wp\/v2\/users\/6"}],"replies":[{"embeddable":true,"href":"https:\/\/www.belvilla.fr\/blog\/wp-json\/wp\/v2\/comments?post=578"}],"version-history":[{"count":3,"href":"https:\/\/www.belvilla.fr\/blog\/wp-json\/wp\/v2\/posts\/578\/revisions"}],"predecessor-version":[{"id":1765,"href":"https:\/\/www.belvilla.fr\/blog\/wp-json\/wp\/v2\/posts\/578\/revisions\/1765"}],"wp:featuredmedia":[{"embeddable":true,"href":"https:\/\/www.belvilla.fr\/blog\/wp-json\/wp\/v2\/media\/580"}],"wp:attachment":[{"href":"https:\/\/www.belvilla.fr\/blog\/wp-json\/wp\/v2\/media?parent=578"}],"wp:term":[{"taxonomy":"category","embeddable":true,"href":"https:\/\/www.belvilla.fr\/blog\/wp-json\/wp\/v2\/categories?post=578"},{"taxonomy":"post_tag","embeddable":true,"href":"https:\/\/www.belvilla.fr\/blog\/wp-json\/wp\/v2\/tags?post=578"},{"taxonomy":"location","embeddable":true,"href":"https:\/\/www.belvilla.fr\/blog\/wp-json\/wp\/v2\/location?post=578"}],"curies":[{"name":"wp","href":"https:\/\/api.w.org\/{rel}","templated":true}]}}