{"id":833,"date":"2022-10-27T16:58:00","date_gmt":"2022-10-27T16:58:00","guid":{"rendered":"https:\/\/www.belvilla.fr\/blog\/?p=833"},"modified":"2023-08-30T09:23:25","modified_gmt":"2023-08-30T09:23:25","slug":"ou-partir-hiver","status":"publish","type":"post","link":"https:\/\/www.belvilla.fr\/blog\/ou-partir-hiver\/","title":{"rendered":"O\u00f9 partir en hiver"},"content":{"rendered":"\n<h2 class=\"wp-block-heading\">Un hiver dans les Alpes<\/h2>\n\n\n\n<p>Cette premi\u00e8re destination parait \u00e9vidente, seulement elle reste une r\u00e9f\u00e9rence en la mati\u00e8re. En effet, le Massif des Alpes est simplement le meilleur massif montagneux pour faire du ski, loin devant les Rocheuses aux USA. <\/p>\n\n\n\n<p>Vous y retrouverez le plus grand domaine skiable au monde (Les 3 Vall\u00e9es) et de nombreuses stations mondialement r\u00e9put\u00e9es comme Meg\u00e8ve ou Courchevel par exemple. Ce sera donc l&rsquo;occasion id\u00e9ale de faire du ski, que ce soit pour d\u00e9buter ou de fa\u00e7on exp\u00e9riment\u00e9e. <\/p>\n\n\n\n<p>De plus, il y en a pour tous les budgets, de la station de ski de Courchevel qui est connue pour \u00eatre le rep\u00e8re de nombreux milliardaires (surtout russes) aux Alpes du Sud, qui vous permettront d&rsquo;acc\u00e9der aux plaisirs des Alpes \u00e0 un tarif un peu moins \u00e9lev\u00e9.<\/p>\n\n\n\n<h2 class=\"wp-block-heading\">Le carnaval de Venise<\/h2>\n\n\n\n<p>On n&rsquo;y pense pas assez souvent, mais Venise ne se visite pas qu&rsquo;en \u00e9t\u00e9 ! En effet, cette ville unique abrite un carnaval extr\u00eamement c\u00e9l\u00e8bre tous les ans en mars : le carnaval de Venise.<\/p>\n\n\n\n<p>Ce carnaval est particuli\u00e8rement r\u00e9put\u00e9 pour ses costumes et ses masques, tous plus extravagants les uns que les autres. Le carnaval de Venise est aussi unique par son ambiance : comme chacun est masqu\u00e9 et anonyme, on peut tricher sur son identit\u00e9, ce qui est m\u00eame recommand\u00e9 ! Ainsi, il est de mise de jouer un r\u00f4le, \u00e0 l&rsquo;image de la fameuse Commedia Dell&rsquo;arte. Si vous choisissez Venise pour vos vacances d&rsquo;hiver, vous ne serez pas d\u00e9\u00e7u !<\/p>\n\n\n\n<h2 class=\"wp-block-heading\">Les march\u00e9s de No\u00ebl en Bade-Wurtemberg<\/h2>\n\n\n\n<p>N&rsquo;ayez pas peur de ce nom compliqu\u00e9, la r\u00e9gion de Bade-Wurtemberg est simplement un r\u00e9gion d&rsquo;Allemagne, \u00e0 la fronti\u00e8re avec l&rsquo;Alsace. Ici, encore plus qu&rsquo;en Alsace, vous aurez l&rsquo;opportunit\u00e9 de d\u00e9couvrir les plus beaux et les plus typiques march\u00e9s de No\u00ebl du monde. En effet, dans les villages authentiques de la r\u00e9gion mais aussi dans les principales villes, le march\u00e9 de No\u00ebl est une tradition prise tr\u00e8s au s\u00e9rieux !<\/p>\n\n\n\n<p>Stuttgart, la capitale du Bade-Wurtemberg, propose un march\u00e9 de No\u00ebl tout simplement fantastique. Datant de plus de 300 ans, il est l&rsquo;un des plus grands et vieux march\u00e9s de No\u00ebl d&rsquo;Europe, et poss\u00e8de plus de 280 stands.<\/p>\n\n\n\n<p>Vous pouvez aussi compter sur le march\u00e9 de No\u00ebl d&rsquo;Esslingen, avec ses commer\u00e7ants en costume traditionnel, ou celui de Karlsruhe et son p\u00e8re No\u00ebl volant. N&rsquo;oubliez pas non plus de faire un tour au march\u00e9 d&rsquo;Heidelberg, souvent surnomm\u00e9 \u00ab\u00a0Le march\u00e9 de No\u00ebl le plus romantique d&rsquo;Allemagne\u00a0\u00bb, ou \u00e0 celui de Baden-Baden, au c\u0153ur du massif de la <a href=\"https:\/\/www.belvilla.fr\/maison-de-vacances-foret-noire-allemagne\">For\u00eat Noire<\/a>. \u00c0 propos, si un peu de ski vous tente, il existe quelques bonnes stations dans la r\u00e9gion.<\/p>\n\n\n\n<p>De plus, ne manquez pas de visiter la charmante ville de <a href=\"https:\/\/www.belvilla.fr\/maison-de-vacances-allemagne\/locations-meersburg\">Meersburg<\/a>, situ\u00e9e sur les rives du lac de Constance. Avec son ambiance f\u00e9erique, ses maisons \u00e0 colombages et ses rues pav\u00e9es, Meersburg offre une exp\u00e9rience unique pour plonger dans la magie de No\u00ebl en Allemagne.<\/p>\n\n\n\n<h2 class=\"wp-block-heading\">Les aurores bor\u00e9ales en Laponie<\/h2>\n\n\n\n<p>Il s&rsquo;agit d&rsquo;une destination r\u00eav\u00e9e pour passer l&rsquo;hiver. En effet, la Laponie, r\u00e9gion situ\u00e9e en Finlande, en Su\u00e8de et en Norv\u00e8ge, est particuli\u00e8rement r\u00e9put\u00e9e pour ses activit\u00e9s \u00e9troitement li\u00e9es \u00e0 l&rsquo;hiver comme les promenades en chien de traineau ou la visite du village du P\u00e8re No\u00ebl par exemple.<\/p>\n\n\n\n<p>Cependant, ce qui est incroyable en Laponie, c&rsquo;est la tr\u00e8s bonne visibilit\u00e9 des aurores bor\u00e9ales. En effet, comme la Laponie compte peu de villes, le ciel nocturne n&rsquo;est pas pollu\u00e9 par la lumi\u00e8re urbaine. Cela vous permettra de profiter au maximum de ce ph\u00e9nom\u00e8ne magique, au milieu d&rsquo;une for\u00eat enneig\u00e9e. <\/p>\n\n\n\n<p>Le ski est aussi plut\u00f4t bien d\u00e9velopp\u00e9 en Laponie, et vous pourrez skier en pleine nature tr\u00e8s facilement. De plus, si vous souhaitez vivre une exp\u00e9rience unique, il est possible de dormir dans un h\u00f4tel fait enti\u00e8rement en glace, avec des chambres sculpt\u00e9es uniques. Cet h\u00f4tel fond chaque printemps et est reconstruit chaque hiver !<\/p>\n\n\n\n<h2 class=\"wp-block-heading\">L&rsquo;Autriche en dehors du temps<\/h2>\n\n\n\n<p>L&rsquo;Autriche est une destination incontournable, particuli\u00e8rement en hiver ! Bien s\u00fbr, ses lacs, ses montagnes et ses villages pittoresques ont un charme ind\u00e9niable en \u00e9t\u00e9 ou en automne, mais les d\u00e9couvrir sous un manteau de neige offre une exp\u00e9rience tout \u00e0 fait unique. Sous ce blanc immacul\u00e9, les <a href=\"https:\/\/www.belvilla.fr\/blog\/chateaux-en-allemagne\/\">ch\u00e2teaux<\/a> de la r\u00e9gion du Tyrol prennent des allures f\u00e9eriques, ajoutant une touche magique \u00e0 ce paysage hivernal. Si vous \u00eates tent\u00e9 par cette aventure hivernale, ne cherchez pas plus loin qu&rsquo;une <a href=\"https:\/\/www.belvilla.fr\/chalet-ski-autriche\">location de chalet en Autriche<\/a> pour vivre pleinement ce conte de f\u00e9es enneig\u00e9.<\/p>\n\n\n\n<p>Quand on aborde le th\u00e8me de l&rsquo;Autriche, il est impossible de ne pas parler de Vienne, sa capitale ! Entre ses monuments, ses patinoires mais aussi son impressionnant march\u00e9 de No\u00ebl, il y a de nombreuses choses \u00e0 voir \u00e0 Vienne !<\/p>\n","protected":false},"excerpt":{"rendered":"<p>L&rsquo;hiver approche, et vous comptez sans doute partir en vacances. Pour vous aidez \u00e0 trouver la destination id\u00e9ale, nous avons form\u00e9 un top 5 des endroits parfaits \u00e0 visiter en hiver. De l&rsquo;Autriche \u00e0 la Laponie en passant par Venise, vous \u00eates pr\u00eats \u00e0 d\u00e9couvrir de nouvelles destinations fascinantes ?<\/p>\n","protected":false},"author":6,"featured_media":834,"comment_status":"open","ping_status":"open","sticky":false,"template":"","format":"standard","meta":{"footnotes":""},"categories":[19],"tags":[],"location":[],"class_list":["post-833","post","type-post","status-publish","format-standard","has-post-thumbnail","hentry","category-discovery"],"acf":[],"yoast_head":"<!-- This site is optimized with the Yoast SEO plugin v27.5 - https:\/\/yoast.com\/product\/yoast-seo-wordpress\/ -->\n<title>O\u00f9 partir en hiver en Europe ? | Belvilla<\/title>\n<meta name=\"description\" content=\"C&#039;est bient\u00f4t l&#039;hiver, et vous cherchez une destination incroyable pour y passer vos vacances ? D\u00e9couvrez ici la s\u00e9lection de Belvilla pour un hiver id\u00e9al !\" \/>\n<meta name=\"robots\" content=\"index, follow, max-snippet:-1, max-image-preview:large, max-video-preview:-1\" \/>\n<link rel=\"canonical\" href=\"https:\/\/www.belvilla.fr\/blog\/ou-partir-hiver\/\" \/>\n<meta property=\"og:locale\" content=\"fr_FR\" \/>\n<meta property=\"og:type\" content=\"article\" \/>\n<meta property=\"og:title\" content=\"O\u00f9 partir en hiver en Europe ? | Belvilla\" \/>\n<meta property=\"og:description\" content=\"C&#039;est bient\u00f4t l&#039;hiver, et vous cherchez une destination incroyable pour y passer vos vacances ? D\u00e9couvrez ici la s\u00e9lection de Belvilla pour un hiver id\u00e9al !\" \/>\n<meta property=\"og:url\" content=\"https:\/\/www.belvilla.fr\/blog\/ou-partir-hiver\/\" \/>\n<meta property=\"og:site_name\" content=\"Belvilla Blog FR\" \/>\n<meta property=\"article:published_time\" content=\"2022-10-27T16:58:00+00:00\" \/>\n<meta property=\"article:modified_time\" content=\"2023-08-30T09:23:25+00:00\" \/>\n<meta property=\"og:image\" content=\"https:\/\/www.belvilla.fr\/blog\/wp-content\/uploads\/sites\/7\/2022\/10\/shutterstock_2120735984.jpg\" \/>\n\t<meta property=\"og:image:width\" content=\"1024\" \/>\n\t<meta property=\"og:image:height\" content=\"683\" \/>\n\t<meta property=\"og:image:type\" content=\"image\/jpeg\" \/>\n<meta name=\"twitter:card\" content=\"summary_large_image\" \/>\n<meta name=\"twitter:label1\" content=\"\u00c9crit par\" \/>\n\t<meta name=\"twitter:data1\" content=\"\" \/>\n\t<meta name=\"twitter:label2\" content=\"Dur\u00e9e de lecture estim\u00e9e\" \/>\n\t<meta name=\"twitter:data2\" content=\"4 minutes\" \/>\n<script type=\"application\/ld+json\" class=\"yoast-schema-graph\">{\"@context\":\"https:\\\/\\\/schema.org\",\"@graph\":[{\"@type\":\"Article\",\"@id\":\"https:\\\/\\\/www.belvilla.fr\\\/blog\\\/ou-partir-hiver\\\/#article\",\"isPartOf\":{\"@id\":\"https:\\\/\\\/www.belvilla.fr\\\/blog\\\/ou-partir-hiver\\\/\"},\"author\":{\"name\":\"\",\"@id\":\"\"},\"headline\":\"O\u00f9 partir en hiver\",\"datePublished\":\"2022-10-27T16:58:00+00:00\",\"dateModified\":\"2023-08-30T09:23:25+00:00\",\"mainEntityOfPage\":{\"@id\":\"https:\\\/\\\/www.belvilla.fr\\\/blog\\\/ou-partir-hiver\\\/\"},\"wordCount\":882,\"commentCount\":0,\"image\":{\"@id\":\"https:\\\/\\\/www.belvilla.fr\\\/blog\\\/ou-partir-hiver\\\/#primaryimage\"},\"thumbnailUrl\":\"https:\\\/\\\/www.belvilla.fr\\\/blog\\\/wp-content\\\/uploads\\\/sites\\\/7\\\/2022\\\/10\\\/shutterstock_2120735984.jpg\",\"articleSection\":[\"Discovery\"],\"inLanguage\":\"fr-FR\",\"potentialAction\":[{\"@type\":\"CommentAction\",\"name\":\"Comment\",\"target\":[\"https:\\\/\\\/www.belvilla.fr\\\/blog\\\/ou-partir-hiver\\\/#respond\"]}]},{\"@type\":\"WebPage\",\"@id\":\"https:\\\/\\\/www.belvilla.fr\\\/blog\\\/ou-partir-hiver\\\/\",\"url\":\"https:\\\/\\\/www.belvilla.fr\\\/blog\\\/ou-partir-hiver\\\/\",\"name\":\"O\u00f9 partir en hiver en Europe ? | Belvilla\",\"isPartOf\":{\"@id\":\"https:\\\/\\\/www.belvilla.fr\\\/blog\\\/#website\"},\"primaryImageOfPage\":{\"@id\":\"https:\\\/\\\/www.belvilla.fr\\\/blog\\\/ou-partir-hiver\\\/#primaryimage\"},\"image\":{\"@id\":\"https:\\\/\\\/www.belvilla.fr\\\/blog\\\/ou-partir-hiver\\\/#primaryimage\"},\"thumbnailUrl\":\"https:\\\/\\\/www.belvilla.fr\\\/blog\\\/wp-content\\\/uploads\\\/sites\\\/7\\\/2022\\\/10\\\/shutterstock_2120735984.jpg\",\"datePublished\":\"2022-10-27T16:58:00+00:00\",\"dateModified\":\"2023-08-30T09:23:25+00:00\",\"author\":{\"@id\":\"\"},\"description\":\"C'est bient\u00f4t l'hiver, et vous cherchez une destination incroyable pour y passer vos vacances ? D\u00e9couvrez ici la s\u00e9lection de Belvilla pour un hiver id\u00e9al !\",\"breadcrumb\":{\"@id\":\"https:\\\/\\\/www.belvilla.fr\\\/blog\\\/ou-partir-hiver\\\/#breadcrumb\"},\"inLanguage\":\"fr-FR\",\"potentialAction\":[{\"@type\":\"ReadAction\",\"target\":[\"https:\\\/\\\/www.belvilla.fr\\\/blog\\\/ou-partir-hiver\\\/\"]}]},{\"@type\":\"ImageObject\",\"inLanguage\":\"fr-FR\",\"@id\":\"https:\\\/\\\/www.belvilla.fr\\\/blog\\\/ou-partir-hiver\\\/#primaryimage\",\"url\":\"https:\\\/\\\/www.belvilla.fr\\\/blog\\\/wp-content\\\/uploads\\\/sites\\\/7\\\/2022\\\/10\\\/shutterstock_2120735984.jpg\",\"contentUrl\":\"https:\\\/\\\/www.belvilla.fr\\\/blog\\\/wp-content\\\/uploads\\\/sites\\\/7\\\/2022\\\/10\\\/shutterstock_2120735984.jpg\",\"width\":1024,\"height\":683,\"caption\":\"Personne sous la neige en hiver\"},{\"@type\":\"BreadcrumbList\",\"@id\":\"https:\\\/\\\/www.belvilla.fr\\\/blog\\\/ou-partir-hiver\\\/#breadcrumb\",\"itemListElement\":[{\"@type\":\"ListItem\",\"position\":1,\"name\":\"Home\",\"item\":\"https:\\\/\\\/www.belvilla.fr\\\/blog\\\/\"},{\"@type\":\"ListItem\",\"position\":2,\"name\":\"O\u00f9 partir en hiver\"}]},{\"@type\":\"WebSite\",\"@id\":\"https:\\\/\\\/www.belvilla.fr\\\/blog\\\/#website\",\"url\":\"https:\\\/\\\/www.belvilla.fr\\\/blog\\\/\",\"name\":\"Belvilla Blog FR\",\"description\":\"\",\"potentialAction\":[{\"@type\":\"SearchAction\",\"target\":{\"@type\":\"EntryPoint\",\"urlTemplate\":\"https:\\\/\\\/www.belvilla.fr\\\/blog\\\/?s={search_term_string}\"},\"query-input\":{\"@type\":\"PropertyValueSpecification\",\"valueRequired\":true,\"valueName\":\"search_term_string\"}}],\"inLanguage\":\"fr-FR\"},{\"@type\":\"Person\",\"@id\":\"\"}]}<\/script>\n<!-- \/ Yoast SEO plugin. -->","yoast_head_json":{"title":"O\u00f9 partir en hiver en Europe ? | Belvilla","description":"C'est bient\u00f4t l'hiver, et vous cherchez une destination incroyable pour y passer vos vacances ? D\u00e9couvrez ici la s\u00e9lection de Belvilla pour un hiver id\u00e9al !","robots":{"index":"index","follow":"follow","max-snippet":"max-snippet:-1","max-image-preview":"max-image-preview:large","max-video-preview":"max-video-preview:-1"},"canonical":"https:\/\/www.belvilla.fr\/blog\/ou-partir-hiver\/","og_locale":"fr_FR","og_type":"article","og_title":"O\u00f9 partir en hiver en Europe ? | Belvilla","og_description":"C'est bient\u00f4t l'hiver, et vous cherchez une destination incroyable pour y passer vos vacances ? D\u00e9couvrez ici la s\u00e9lection de Belvilla pour un hiver id\u00e9al !","og_url":"https:\/\/www.belvilla.fr\/blog\/ou-partir-hiver\/","og_site_name":"Belvilla Blog FR","article_published_time":"2022-10-27T16:58:00+00:00","article_modified_time":"2023-08-30T09:23:25+00:00","og_image":[{"width":1024,"height":683,"url":"https:\/\/www.belvilla.fr\/blog\/wp-content\/uploads\/sites\/7\/2022\/10\/shutterstock_2120735984.jpg","type":"image\/jpeg"}],"twitter_card":"summary_large_image","twitter_misc":{"\u00c9crit par":"","Dur\u00e9e de lecture estim\u00e9e":"4 minutes"},"schema":{"@context":"https:\/\/schema.org","@graph":[{"@type":"Article","@id":"https:\/\/www.belvilla.fr\/blog\/ou-partir-hiver\/#article","isPartOf":{"@id":"https:\/\/www.belvilla.fr\/blog\/ou-partir-hiver\/"},"author":{"name":"","@id":""},"headline":"O\u00f9 partir en hiver","datePublished":"2022-10-27T16:58:00+00:00","dateModified":"2023-08-30T09:23:25+00:00","mainEntityOfPage":{"@id":"https:\/\/www.belvilla.fr\/blog\/ou-partir-hiver\/"},"wordCount":882,"commentCount":0,"image":{"@id":"https:\/\/www.belvilla.fr\/blog\/ou-partir-hiver\/#primaryimage"},"thumbnailUrl":"https:\/\/www.belvilla.fr\/blog\/wp-content\/uploads\/sites\/7\/2022\/10\/shutterstock_2120735984.jpg","articleSection":["Discovery"],"inLanguage":"fr-FR","potentialAction":[{"@type":"CommentAction","name":"Comment","target":["https:\/\/www.belvilla.fr\/blog\/ou-partir-hiver\/#respond"]}]},{"@type":"WebPage","@id":"https:\/\/www.belvilla.fr\/blog\/ou-partir-hiver\/","url":"https:\/\/www.belvilla.fr\/blog\/ou-partir-hiver\/","name":"O\u00f9 partir en hiver en Europe ? | Belvilla","isPartOf":{"@id":"https:\/\/www.belvilla.fr\/blog\/#website"},"primaryImageOfPage":{"@id":"https:\/\/www.belvilla.fr\/blog\/ou-partir-hiver\/#primaryimage"},"image":{"@id":"https:\/\/www.belvilla.fr\/blog\/ou-partir-hiver\/#primaryimage"},"thumbnailUrl":"https:\/\/www.belvilla.fr\/blog\/wp-content\/uploads\/sites\/7\/2022\/10\/shutterstock_2120735984.jpg","datePublished":"2022-10-27T16:58:00+00:00","dateModified":"2023-08-30T09:23:25+00:00","author":{"@id":""},"description":"C'est bient\u00f4t l'hiver, et vous cherchez une destination incroyable pour y passer vos vacances ? D\u00e9couvrez ici la s\u00e9lection de Belvilla pour un hiver id\u00e9al !","breadcrumb":{"@id":"https:\/\/www.belvilla.fr\/blog\/ou-partir-hiver\/#breadcrumb"},"inLanguage":"fr-FR","potentialAction":[{"@type":"ReadAction","target":["https:\/\/www.belvilla.fr\/blog\/ou-partir-hiver\/"]}]},{"@type":"ImageObject","inLanguage":"fr-FR","@id":"https:\/\/www.belvilla.fr\/blog\/ou-partir-hiver\/#primaryimage","url":"https:\/\/www.belvilla.fr\/blog\/wp-content\/uploads\/sites\/7\/2022\/10\/shutterstock_2120735984.jpg","contentUrl":"https:\/\/www.belvilla.fr\/blog\/wp-content\/uploads\/sites\/7\/2022\/10\/shutterstock_2120735984.jpg","width":1024,"height":683,"caption":"Personne sous la neige en hiver"},{"@type":"BreadcrumbList","@id":"https:\/\/www.belvilla.fr\/blog\/ou-partir-hiver\/#breadcrumb","itemListElement":[{"@type":"ListItem","position":1,"name":"Home","item":"https:\/\/www.belvilla.fr\/blog\/"},{"@type":"ListItem","position":2,"name":"O\u00f9 partir en hiver"}]},{"@type":"WebSite","@id":"https:\/\/www.belvilla.fr\/blog\/#website","url":"https:\/\/www.belvilla.fr\/blog\/","name":"Belvilla Blog FR","description":"","potentialAction":[{"@type":"SearchAction","target":{"@type":"EntryPoint","urlTemplate":"https:\/\/www.belvilla.fr\/blog\/?s={search_term_string}"},"query-input":{"@type":"PropertyValueSpecification","valueRequired":true,"valueName":"search_term_string"}}],"inLanguage":"fr-FR"},{"@type":"Person","@id":""}]}},"_links":{"self":[{"href":"https:\/\/www.belvilla.fr\/blog\/wp-json\/wp\/v2\/posts\/833","targetHints":{"allow":["GET"]}}],"collection":[{"href":"https:\/\/www.belvilla.fr\/blog\/wp-json\/wp\/v2\/posts"}],"about":[{"href":"https:\/\/www.belvilla.fr\/blog\/wp-json\/wp\/v2\/types\/post"}],"author":[{"embeddable":true,"href":"https:\/\/www.belvilla.fr\/blog\/wp-json\/wp\/v2\/users\/6"}],"replies":[{"embeddable":true,"href":"https:\/\/www.belvilla.fr\/blog\/wp-json\/wp\/v2\/comments?post=833"}],"version-history":[{"count":6,"href":"https:\/\/www.belvilla.fr\/blog\/wp-json\/wp\/v2\/posts\/833\/revisions"}],"predecessor-version":[{"id":1840,"href":"https:\/\/www.belvilla.fr\/blog\/wp-json\/wp\/v2\/posts\/833\/revisions\/1840"}],"wp:featuredmedia":[{"embeddable":true,"href":"https:\/\/www.belvilla.fr\/blog\/wp-json\/wp\/v2\/media\/834"}],"wp:attachment":[{"href":"https:\/\/www.belvilla.fr\/blog\/wp-json\/wp\/v2\/media?parent=833"}],"wp:term":[{"taxonomy":"category","embeddable":true,"href":"https:\/\/www.belvilla.fr\/blog\/wp-json\/wp\/v2\/categories?post=833"},{"taxonomy":"post_tag","embeddable":true,"href":"https:\/\/www.belvilla.fr\/blog\/wp-json\/wp\/v2\/tags?post=833"},{"taxonomy":"location","embeddable":true,"href":"https:\/\/www.belvilla.fr\/blog\/wp-json\/wp\/v2\/location?post=833"}],"curies":[{"name":"wp","href":"https:\/\/api.w.org\/{rel}","templated":true}]}}